{"id":245,"date":"2020-08-02T17:25:17","date_gmt":"2020-08-02T20:25:17","guid":{"rendered":"http:\/\/www.cacofonica.com.ar\/?p=245"},"modified":"2020-08-18T12:24:58","modified_gmt":"2020-08-18T15:24:58","slug":"diario-de-bolivia","status":"publish","type":"post","link":"https:\/\/www.cacofonica.com.ar\/index.php\/2020\/08\/02\/diario-de-bolivia\/","title":{"rendered":"Diario de Bolivia"},"content":{"rendered":"\n<p>El registro en el diario de viaje de mi primera visita a Bolivia se cort\u00f3 abruptamente despu\u00e9s de un llamado telef\u00f3nico a Buenos Aires. Era enero del 2014, estaba hac\u00eda algunos d\u00edas recorriendo ese pa\u00eds.<\/p>\n\n\n\n<p>Despu\u00e9s de ir a Uyuni hab\u00eda decidido ir para la Isla del sol. Por ese entonces la conectividad no era la mejor y mi celular tampoco, despu\u00e9s del paseo volv\u00ed a Copacabana donde me estaba quedando en un hostel.&nbsp;<\/p>\n\n\n\n<figure class=\"wp-block-image size-large\"><img data-recalc-dims=\"1\" loading=\"lazy\" decoding=\"async\" width=\"676\" height=\"507\" data-attachment-id=\"258\" data-permalink=\"https:\/\/www.cacofonica.com.ar\/index.php\/2020\/08\/02\/diario-de-bolivia\/copacabana-redim\/\" data-orig-file=\"https:\/\/i0.wp.com\/www.cacofonica.com.ar\/wp-content\/uploads\/2020\/08\/Copacabana-redim-scaled.jpg?fit=2560%2C1920&amp;ssl=1\" data-orig-size=\"2560,1920\" data-comments-opened=\"1\" data-image-meta=\"{&quot;aperture&quot;:&quot;8&quot;,&quot;credit&quot;:&quot;&quot;,&quot;camera&quot;:&quot;COOLPIX P500&quot;,&quot;caption&quot;:&quot;&quot;,&quot;created_timestamp&quot;:&quot;1357735295&quot;,&quot;copyright&quot;:&quot;&quot;,&quot;focal_length&quot;:&quot;4&quot;,&quot;iso&quot;:&quot;400&quot;,&quot;shutter_speed&quot;:&quot;0.002&quot;,&quot;title&quot;:&quot;&quot;,&quot;orientation&quot;:&quot;1&quot;}\" data-image-title=\"Copacabana-redim\" data-image-description=\"\" data-image-caption=\"\" data-medium-file=\"https:\/\/i0.wp.com\/www.cacofonica.com.ar\/wp-content\/uploads\/2020\/08\/Copacabana-redim-scaled.jpg?fit=300%2C225&amp;ssl=1\" data-large-file=\"https:\/\/i0.wp.com\/www.cacofonica.com.ar\/wp-content\/uploads\/2020\/08\/Copacabana-redim-scaled.jpg?fit=676%2C507&amp;ssl=1\" src=\"https:\/\/i0.wp.com\/www.cacofonica.com.ar\/wp-content\/uploads\/2020\/08\/Copacabana-redim-1024x768.jpg?resize=676%2C507&#038;ssl=1\" alt=\"\" class=\"wp-image-258\" srcset=\"https:\/\/i0.wp.com\/www.cacofonica.com.ar\/wp-content\/uploads\/2020\/08\/Copacabana-redim-scaled.jpg?resize=1024%2C768&amp;ssl=1 1024w, https:\/\/i0.wp.com\/www.cacofonica.com.ar\/wp-content\/uploads\/2020\/08\/Copacabana-redim-scaled.jpg?resize=300%2C225&amp;ssl=1 300w, https:\/\/i0.wp.com\/www.cacofonica.com.ar\/wp-content\/uploads\/2020\/08\/Copacabana-redim-scaled.jpg?resize=768%2C576&amp;ssl=1 768w, https:\/\/i0.wp.com\/www.cacofonica.com.ar\/wp-content\/uploads\/2020\/08\/Copacabana-redim-scaled.jpg?resize=1536%2C1152&amp;ssl=1 1536w, https:\/\/i0.wp.com\/www.cacofonica.com.ar\/wp-content\/uploads\/2020\/08\/Copacabana-redim-scaled.jpg?resize=2048%2C1536&amp;ssl=1 2048w, https:\/\/i0.wp.com\/www.cacofonica.com.ar\/wp-content\/uploads\/2020\/08\/Copacabana-redim-scaled.jpg?resize=945%2C709&amp;ssl=1 945w, https:\/\/i0.wp.com\/www.cacofonica.com.ar\/wp-content\/uploads\/2020\/08\/Copacabana-redim-scaled.jpg?resize=600%2C450&amp;ssl=1 600w, https:\/\/i0.wp.com\/www.cacofonica.com.ar\/wp-content\/uploads\/2020\/08\/Copacabana-redim-scaled.jpg?w=1352 1352w\" sizes=\"auto, (max-width: 676px) 100vw, 676px\" \/><figcaption><strong><em>Copacabana &#8211; Enero 2014<\/em><\/strong><\/figcaption><\/figure>\n\n\n\n<p>Despu\u00e9s de todo un d\u00eda sin conectarme, me dispuse a tomar algo con mi tablet conectada al wifi de un bar para dar se\u00f1ales de vida a mis pap\u00e1s y hermanos. Entr\u00e9 a mi Gmail y empec\u00e9 a ver muchos mails que lo \u00fanico que dec\u00edan era \u201cllamanos, Lichi\u201d. Mi coraz\u00f3n se paraliz\u00f3, pero mi cuerpo reaccion\u00f3, pagu\u00e9 y me fu\u00ed corriendo a un locutorio, marqu\u00e9 el n\u00famero de la casa de mis pap\u00e1s y escuch\u00e9 llantos. Era mi hermano que no sab\u00eda c\u00f3mo dec\u00edrmelo y me pas\u00f3 con mi pap\u00e1. El nudo en el est\u00f3mago ya era demasiado grande y no entend\u00eda qu\u00e9 estaba pasando y mi pap\u00e1 finalmente me dijo con voz quebrada, \u201cmam\u00e1 muri\u00f3\u201d.&nbsp;<\/p>\n\n\n\n<p>Corr\u00ed nuevamente, esta vez hasta el hostel, pagu\u00e9 y me fu\u00ed (tengo un recuerdo borroso de hasta no haber esperado el vuelto, simplemente me fu\u00ed). De nuevo, mis piernas reaccionaron m\u00e1s r\u00e1pido que mi cerebro, llegu\u00e9 hasta donde paraban los buses para volver, me sent\u00e9 en el micro llorando. Dos bolivianas me preguntaron si estaba bien, me ofrecieron unas carilinas y un rato despu\u00e9s me d\u00ed cuenta que no ten\u00eda mi mochila. Me baj\u00e9 del bus, habl\u00e9 con el se\u00f1or que me vendi\u00f3 el ticket y le digo que me espere. No estaba segura si iba a hacerlo pero no me quedaba otra. De nuevo corro, no se cu\u00e1ntos metros separaba esa parada de micros del hostel, agarr\u00e9 mi mochila, volv\u00ed&nbsp; y ah\u00ed estaban, esper\u00e1ndome. Sub\u00ed y arrancaron.&nbsp;<\/p>\n\n\n\n<p>Todav\u00eda quedaba un largo camino, nos ten\u00edamos que subir a un barquito y cruzar el lago Titicaca. Yo segu\u00eda llorando, y cuando lo hago, mi cara se desfigura y casi no puedo hablar. Las mismas dos mujeres se sentaron cerca y me preguntaron si me hab\u00eda pasado algo, si me hab\u00edan robado o algo. Llegu\u00e9 a decirles, \u201cmuri\u00f3 mi mam\u00e1, necesito volver\u201d.&nbsp;<\/p>\n\n\n\n<figure class=\"wp-block-image size-large\"><img data-recalc-dims=\"1\" loading=\"lazy\" decoding=\"async\" width=\"676\" height=\"507\" data-attachment-id=\"259\" data-permalink=\"https:\/\/www.cacofonica.com.ar\/index.php\/2020\/08\/02\/diario-de-bolivia\/lago-titicaca1\/\" data-orig-file=\"https:\/\/i0.wp.com\/www.cacofonica.com.ar\/wp-content\/uploads\/2020\/08\/Lago-Titicaca1-scaled.jpg?fit=2560%2C1920&amp;ssl=1\" data-orig-size=\"2560,1920\" data-comments-opened=\"1\" data-image-meta=\"{&quot;aperture&quot;:&quot;6.3&quot;,&quot;credit&quot;:&quot;&quot;,&quot;camera&quot;:&quot;COOLPIX P500&quot;,&quot;caption&quot;:&quot;&quot;,&quot;created_timestamp&quot;:&quot;1357736580&quot;,&quot;copyright&quot;:&quot;&quot;,&quot;focal_length&quot;:&quot;14.9&quot;,&quot;iso&quot;:&quot;400&quot;,&quot;shutter_speed&quot;:&quot;0.0008&quot;,&quot;title&quot;:&quot;&quot;,&quot;orientation&quot;:&quot;1&quot;}\" data-image-title=\"Lago-Titicaca1\" data-image-description=\"\" data-image-caption=\"\" data-medium-file=\"https:\/\/i0.wp.com\/www.cacofonica.com.ar\/wp-content\/uploads\/2020\/08\/Lago-Titicaca1-scaled.jpg?fit=300%2C225&amp;ssl=1\" data-large-file=\"https:\/\/i0.wp.com\/www.cacofonica.com.ar\/wp-content\/uploads\/2020\/08\/Lago-Titicaca1-scaled.jpg?fit=676%2C507&amp;ssl=1\" src=\"https:\/\/i0.wp.com\/www.cacofonica.com.ar\/wp-content\/uploads\/2020\/08\/Lago-Titicaca1-1024x768.jpg?resize=676%2C507&#038;ssl=1\" alt=\"\" class=\"wp-image-259\" srcset=\"https:\/\/i0.wp.com\/www.cacofonica.com.ar\/wp-content\/uploads\/2020\/08\/Lago-Titicaca1-scaled.jpg?resize=1024%2C768&amp;ssl=1 1024w, https:\/\/i0.wp.com\/www.cacofonica.com.ar\/wp-content\/uploads\/2020\/08\/Lago-Titicaca1-scaled.jpg?resize=300%2C225&amp;ssl=1 300w, https:\/\/i0.wp.com\/www.cacofonica.com.ar\/wp-content\/uploads\/2020\/08\/Lago-Titicaca1-scaled.jpg?resize=768%2C576&amp;ssl=1 768w, https:\/\/i0.wp.com\/www.cacofonica.com.ar\/wp-content\/uploads\/2020\/08\/Lago-Titicaca1-scaled.jpg?resize=1536%2C1152&amp;ssl=1 1536w, https:\/\/i0.wp.com\/www.cacofonica.com.ar\/wp-content\/uploads\/2020\/08\/Lago-Titicaca1-scaled.jpg?resize=2048%2C1536&amp;ssl=1 2048w, https:\/\/i0.wp.com\/www.cacofonica.com.ar\/wp-content\/uploads\/2020\/08\/Lago-Titicaca1-scaled.jpg?resize=945%2C709&amp;ssl=1 945w, https:\/\/i0.wp.com\/www.cacofonica.com.ar\/wp-content\/uploads\/2020\/08\/Lago-Titicaca1-scaled.jpg?resize=600%2C450&amp;ssl=1 600w, https:\/\/i0.wp.com\/www.cacofonica.com.ar\/wp-content\/uploads\/2020\/08\/Lago-Titicaca1-scaled.jpg?w=1352 1352w\" sizes=\"auto, (max-width: 676px) 100vw, 676px\" \/><figcaption><strong><em>Lago Titicaca &#8211; Enero 2014<\/em><\/strong><\/figcaption><\/figure>\n\n\n\n<p>Me abrazaron. Yo lloraba. Una de ellas sac\u00f3 su celular y empez\u00f3 a hacer llamados, era Susana y supo trabajar en una aerol\u00ednea, ahora estaba jubilada. Al rato me dijo que me iba a conseguir un pasaje. Me acompa\u00f1aron hasta La Paz, me llevaron al aeropuerto y esperaron a que llegara mi avi\u00f3n. De ah\u00ed ten\u00eda que viajar a Santa Cruz y arreglaron con el hijo de una de ellas para que me recibiera all\u00e1 para que no estuviera sola esperando el segundo avi\u00f3n que finalmente me llevar\u00eda a Buenos Aires para despedirme de mi mam\u00e1.&nbsp;<\/p>\n\n\n\n<p>En Santa Cruz me recibi\u00f3 Bruno, me llev\u00f3 a su casa y prest\u00f3 su computadora. Repas\u00e9 no s\u00e9 cu\u00e1ntas veces los mails de mi familia hasta que \u00e9l me dijo de salir a comer algo. Me llev\u00f3 en su auto hasta el centro comercial, en el camino me fue contando del dise\u00f1o de la ciudad, sus c\u00edrculos conc\u00e9ntricos y no s\u00e9 cu\u00e1ntas cosas m\u00e1s que no registr\u00e9. Yo estaba en mi mundo, sin poder hablar. Llegamos. \u00c9l comi\u00f3, yo no pude.&nbsp;<\/p>\n\n\n\n<p>En el horario indicado me llev\u00f3 al aeropuerto. Me sub\u00ed al avi\u00f3n, me sent\u00e9 y no par\u00e9 de llorar. Una chica me vio y me extendi\u00f3 un paquete de carilinas que me dijo que me lo quede.&nbsp;<\/p>\n\n\n\n<p>En Ezeiza no hab\u00eda nadie para recibirme. Mi pap\u00e1 y hermanes estaban en la casa velatoria, hab\u00edamos quedado que yo iba directo para all\u00e1. Me tom\u00e9 un taxi y me llev\u00f3.<\/p>\n\n\n\n<p>No s\u00e9 cu\u00e1ntos meses despu\u00e9s junt\u00e9 fuerzas para abrir la tarjeta de mi c\u00e1mara y ver las fotos de ese viaje truncado a Bolivia. Me costaba verlas y cre\u00eda que no iba a poder volver a ese pa\u00eds para seguir donde hab\u00eda quedado.&nbsp;<\/p>\n\n\n\n<p>Cinco a\u00f1os despu\u00e9s, mi mejor amigo me dice que le sali\u00f3 un trabajo, adivinen d\u00f3nde, s\u00ed, en Bolivia. Lo primero que pens\u00e9 es que no iba a poder ir a visitarlo y me puso mal. Pas\u00f3 diciembre, enero, febrero y cuando lleg\u00f3 marzo en mi cabeza iba macerando la idea de sacar un pasaje e ir.<\/p>\n\n\n\n<p>Lo logr\u00e9, saqu\u00e9 el pasaje. Pero como soy una persona muy culp\u00f3gena, maldita educaci\u00f3n judeo-cristiana, fu\u00ed a contarle a mi pap\u00e1, un poco porque siempre acud\u00ed a \u00e9l para contarle mis cosas y otro poco para ver qu\u00e9 le parec\u00eda que volviera a ir. Se alegr\u00f3 por mi.&nbsp;<\/p>\n\n\n\n<p>En abril, mi pap\u00e1 despu\u00e9s de muchas peleas mano a mano con terapias intensivas y respiradores no pudo m\u00e1s. Ese 21 me qued\u00e9 con un nudo en la garganta que hasta hoy sigue pero continu\u00e9 con mi plan de viajar.&nbsp;<\/p>\n\n\n\n<p>Lleg\u00f3 julio y mi viaje se acercaba, me faltaban los mails de mi pap\u00e1 con toda la informaci\u00f3n de cada lugar existente de Bolivia y su historia, cosa que sol\u00eda hacer con cada viaje que hac\u00eda, pero estaba contenta de poder destrabar algo y viajar.&nbsp;<\/p>\n\n\n\n<p>Ese viaje tambi\u00e9n fue una bisagra. Esta vez por algo lindo. Con mi amigo tomamos una decisi\u00f3n, cambiar nuestro \u201cstatus\u201d a algo m\u00e1s que amigues y en ese mismo camino, tambi\u00e9n definimos que si a \u00e9l le renovaban su contrato en La Paz, yo me ven\u00eda a vivir ac\u00e1 tambi\u00e9n.&nbsp;<\/p>\n\n\n\n<p>En octubre me lleg\u00f3 un mensaje de \u00e9l diciendo que le renovaban y ah\u00ed empez\u00f3 todo un remolino de sensaciones, tr\u00e1mites y despedidas para en febrero emprender una nueva historia en el pa\u00eds hermano.&nbsp;<\/p>\n\n\n\n<p>El 15 de febrero de este a\u00f1o con una valija colmada y mi gato en su bolsito de viaje, subimos al avi\u00f3n, hicimos la escala obligatoria en Santa Cruz y seguimos viaje a la ciudad de tarde noche.&nbsp;<\/p>\n\n\n\n<p>El camino en auto hasta la casa fue una mezcla de mareo por la altura (3600 msnm), emoci\u00f3n y no poder creer todas esas luces en ese valle que se forma entre las monta\u00f1as que rodean este maravilloso lugar.&nbsp;<\/p>\n\n\n\n<figure class=\"wp-block-image size-large\"><img data-recalc-dims=\"1\" loading=\"lazy\" decoding=\"async\" width=\"676\" height=\"901\" data-attachment-id=\"265\" data-permalink=\"https:\/\/www.cacofonica.com.ar\/index.php\/2020\/08\/02\/diario-de-bolivia\/la-paz-de-noche-3\/\" data-orig-file=\"https:\/\/i0.wp.com\/www.cacofonica.com.ar\/wp-content\/uploads\/2020\/08\/La-Paz-de-noche-3.jpg?fit=960%2C1280&amp;ssl=1\" data-orig-size=\"960,1280\" data-comments-opened=\"1\" data-image-meta=\"{&quot;aperture&quot;:&quot;0&quot;,&quot;credit&quot;:&quot;&quot;,&quot;camera&quot;:&quot;&quot;,&quot;caption&quot;:&quot;&quot;,&quot;created_timestamp&quot;:&quot;0&quot;,&quot;copyright&quot;:&quot;&quot;,&quot;focal_length&quot;:&quot;0&quot;,&quot;iso&quot;:&quot;0&quot;,&quot;shutter_speed&quot;:&quot;0&quot;,&quot;title&quot;:&quot;&quot;,&quot;orientation&quot;:&quot;0&quot;}\" data-image-title=\"La-Paz-de-noche-3\" data-image-description=\"\" data-image-caption=\"\" data-medium-file=\"https:\/\/i0.wp.com\/www.cacofonica.com.ar\/wp-content\/uploads\/2020\/08\/La-Paz-de-noche-3.jpg?fit=225%2C300&amp;ssl=1\" data-large-file=\"https:\/\/i0.wp.com\/www.cacofonica.com.ar\/wp-content\/uploads\/2020\/08\/La-Paz-de-noche-3.jpg?fit=676%2C901&amp;ssl=1\" src=\"https:\/\/i0.wp.com\/www.cacofonica.com.ar\/wp-content\/uploads\/2020\/08\/La-Paz-de-noche-3-768x1024.jpg?resize=676%2C901&#038;ssl=1\" alt=\"\" class=\"wp-image-265\" srcset=\"https:\/\/i0.wp.com\/www.cacofonica.com.ar\/wp-content\/uploads\/2020\/08\/La-Paz-de-noche-3.jpg?resize=768%2C1024&amp;ssl=1 768w, https:\/\/i0.wp.com\/www.cacofonica.com.ar\/wp-content\/uploads\/2020\/08\/La-Paz-de-noche-3.jpg?resize=225%2C300&amp;ssl=1 225w, https:\/\/i0.wp.com\/www.cacofonica.com.ar\/wp-content\/uploads\/2020\/08\/La-Paz-de-noche-3.jpg?resize=600%2C800&amp;ssl=1 600w, https:\/\/i0.wp.com\/www.cacofonica.com.ar\/wp-content\/uploads\/2020\/08\/La-Paz-de-noche-3.jpg?resize=945%2C1260&amp;ssl=1 945w, https:\/\/i0.wp.com\/www.cacofonica.com.ar\/wp-content\/uploads\/2020\/08\/La-Paz-de-noche-3.jpg?w=960&amp;ssl=1 960w\" sizes=\"auto, (max-width: 676px) 100vw, 676px\" \/><figcaption><strong><em>Ciudad de La Paz<\/em> &#8211; Mayo 2020<\/strong><\/figcaption><\/figure>\n\n\n\n<p><\/p>\n\n\n\n<p>Mi diario de viaje del 2014 qued\u00f3 por la mitad pero este 2020 arranc\u00f3 un nuevo cap\u00edtulo en el que puedo resignificar este lugar y caminar sus calles con alegr\u00eda pese a la pandemia que ti\u00f1e un poco esta nueva aventura.&nbsp;<\/p>\n\n\n\n<p>Estoy segura que en un futuro cuando piense en Bolivia voy a sonreir.&nbsp;<\/p>\n","protected":false},"excerpt":{"rendered":"<p>El registro en el diario de viaje de mi primera visita a Bolivia se cort\u00f3 abruptamente despu\u00e9s de un llamado telef\u00f3nico a Buenos Aires. Era enero del 2014, estaba hac\u00eda algunos d\u00edas recorriendo ese pa\u00eds. Despu\u00e9s de ir a Uyuni&#8230; <a class=\"more-link\" href=\"https:\/\/www.cacofonica.com.ar\/index.php\/2020\/08\/02\/diario-de-bolivia\/\">Seguir leyendo &rarr;<\/a><\/p>\n","protected":false},"author":2,"featured_media":256,"comment_status":"open","ping_status":"open","sticky":false,"template":"","format":"standard","meta":{"jetpack_post_was_ever_published":false,"_jetpack_newsletter_access":"","_jetpack_dont_email_post_to_subs":false,"_jetpack_newsletter_tier_id":0,"_jetpack_memberships_contains_paywalled_content":false,"_jetpack_memberships_contains_paid_content":false,"footnotes":"","jetpack_publicize_message":"","jetpack_publicize_feature_enabled":true,"jetpack_social_post_already_shared":true,"jetpack_social_options":{"image_generator_settings":{"template":"highway","default_image_id":0,"font":"","enabled":false},"version":2}},"categories":[39],"tags":[33,36,38,37],"class_list":["post-245","post","type-post","status-publish","format-standard","has-post-thumbnail","hentry","category-diario-de-bolivia","tag-bolivia","tag-la-paz","tag-migrantes","tag-viajes"],"jetpack_publicize_connections":[],"jetpack_featured_media_url":"https:\/\/i0.wp.com\/www.cacofonica.com.ar\/wp-content\/uploads\/2020\/08\/photo_2020-08-02_15-59-48.jpg?fit=1280%2C960&ssl=1","jetpack_sharing_enabled":true,"jetpack_shortlink":"https:\/\/wp.me\/p9Tj7w-3X","jetpack-related-posts":[],"_links":{"self":[{"href":"https:\/\/www.cacofonica.com.ar\/index.php\/wp-json\/wp\/v2\/posts\/245","targetHints":{"allow":["GET"]}}],"collection":[{"href":"https:\/\/www.cacofonica.com.ar\/index.php\/wp-json\/wp\/v2\/posts"}],"about":[{"href":"https:\/\/www.cacofonica.com.ar\/index.php\/wp-json\/wp\/v2\/types\/post"}],"author":[{"embeddable":true,"href":"https:\/\/www.cacofonica.com.ar\/index.php\/wp-json\/wp\/v2\/users\/2"}],"replies":[{"embeddable":true,"href":"https:\/\/www.cacofonica.com.ar\/index.php\/wp-json\/wp\/v2\/comments?post=245"}],"version-history":[{"count":7,"href":"https:\/\/www.cacofonica.com.ar\/index.php\/wp-json\/wp\/v2\/posts\/245\/revisions"}],"predecessor-version":[{"id":266,"href":"https:\/\/www.cacofonica.com.ar\/index.php\/wp-json\/wp\/v2\/posts\/245\/revisions\/266"}],"wp:featuredmedia":[{"embeddable":true,"href":"https:\/\/www.cacofonica.com.ar\/index.php\/wp-json\/wp\/v2\/media\/256"}],"wp:attachment":[{"href":"https:\/\/www.cacofonica.com.ar\/index.php\/wp-json\/wp\/v2\/media?parent=245"}],"wp:term":[{"taxonomy":"category","embeddable":true,"href":"https:\/\/www.cacofonica.com.ar\/index.php\/wp-json\/wp\/v2\/categories?post=245"},{"taxonomy":"post_tag","embeddable":true,"href":"https:\/\/www.cacofonica.com.ar\/index.php\/wp-json\/wp\/v2\/tags?post=245"}],"curies":[{"name":"wp","href":"https:\/\/api.w.org\/{rel}","templated":true}]}}